{"id":908,"date":"2018-11-30T09:56:42","date_gmt":"2018-11-30T08:56:42","guid":{"rendered":"http:\/\/mef.sve-mo.ba\/dentalna\/?p=908"},"modified":"2018-11-30T09:56:42","modified_gmt":"2018-11-30T08:56:42","slug":"obavijest-za-studente-iii-godine-dentalne-medicine-4","status":"publish","type":"post","link":"https:\/\/mef.sum.ba\/dentalna\/obavijest-za-studente-iii-godine-dentalne-medicine-4\/","title":{"rendered":"Obavijest za studente III. godine Dentalne medicine"},"content":{"rendered":"<div><\/div>\n<div>Ispit iz predmeta Op\u0107a radiologija i radiologija orofacijalnog podru\u010dja odr\u017eat \u0107e se u ponedjeljak, 03.12.2018. godine u 09.00 sati u u\u010dionici broj 5.<\/div>\n<div><\/div>\n<div><\/div>\n<div>Nastava iz predmeta Anestezija i intenzivna medicine po\u010dinje u utorak, 04.12.2018. godine u 09.00 sati u Fiziolo\u0161kom praktikumu.<\/div>\n","protected":false},"excerpt":{"rendered":"<p>Ispit iz predmeta Op\u0107a radiologija i radiologija orofacijalnog podru\u010dja odr\u017eat \u0107e se u ponedjeljak, 03.12.2018. godine u 09.00 sati u u\u010dionici broj 5. Nastava iz&hellip;<\/p>\n","protected":false},"author":1,"featured_media":0,"comment_status":"closed","ping_status":"closed","sticky":false,"template":"","format":"standard","meta":{"footnotes":""},"categories":[1],"tags":[],"class_list":["post-908","post","type-post","status-publish","format-standard","hentry","category-objava"],"_links":{"self":[{"href":"https:\/\/mef.sum.ba\/dentalna\/wp-json\/wp\/v2\/posts\/908","targetHints":{"allow":["GET"]}}],"collection":[{"href":"https:\/\/mef.sum.ba\/dentalna\/wp-json\/wp\/v2\/posts"}],"about":[{"href":"https:\/\/mef.sum.ba\/dentalna\/wp-json\/wp\/v2\/types\/post"}],"author":[{"embeddable":true,"href":"https:\/\/mef.sum.ba\/dentalna\/wp-json\/wp\/v2\/users\/1"}],"replies":[{"embeddable":true,"href":"https:\/\/mef.sum.ba\/dentalna\/wp-json\/wp\/v2\/comments?post=908"}],"version-history":[{"count":1,"href":"https:\/\/mef.sum.ba\/dentalna\/wp-json\/wp\/v2\/posts\/908\/revisions"}],"predecessor-version":[{"id":909,"href":"https:\/\/mef.sum.ba\/dentalna\/wp-json\/wp\/v2\/posts\/908\/revisions\/909"}],"wp:attachment":[{"href":"https:\/\/mef.sum.ba\/dentalna\/wp-json\/wp\/v2\/media?parent=908"}],"wp:term":[{"taxonomy":"category","embeddable":true,"href":"https:\/\/mef.sum.ba\/dentalna\/wp-json\/wp\/v2\/categories?post=908"},{"taxonomy":"post_tag","embeddable":true,"href":"https:\/\/mef.sum.ba\/dentalna\/wp-json\/wp\/v2\/tags?post=908"}],"curies":[{"name":"wp","href":"https:\/\/api.w.org\/{rel}","templated":true}]}}