{"id":793,"date":"2018-09-24T19:57:31","date_gmt":"2018-09-24T17:57:31","guid":{"rendered":"http:\/\/mef.sve-mo.ba\/dentalna\/?p=793"},"modified":"2018-09-24T19:57:31","modified_gmt":"2018-09-24T17:57:31","slug":"svecano-obiljezavanje-pocetka-nove-akademske-2018-2019-godine","status":"publish","type":"post","link":"https:\/\/mef.sum.ba\/dentalna\/svecano-obiljezavanje-pocetka-nove-akademske-2018-2019-godine\/","title":{"rendered":"Sve\u010dano obilje\u017eavanje po\u010detka nove akademske 2018. \/2019. godine"},"content":{"rendered":"<p><span class=\"fontstyle0\">Sukladno na\u0161em sveu\u010dili\u0161nom\u00a0<\/span><span class=\"fontstyle0\">kalendaru\u00a0<\/span><span class=\"fontstyle0\">i ove\u00a0<\/span><span class=\"fontstyle0\">godine\u00a0<\/span><span class=\"fontstyle0\">sve\u010dano \u0107<\/span><span class=\"fontstyle0\">emo\u00a0<\/span><span class=\"fontstyle0\">obilje\u017eiti\u00a0<\/span><span class=\"fontstyle0\">po\u010detak nove akademske 2018<\/span><span class=\"fontstyle0\">.\u00a0<\/span><span class=\"fontstyle0\">\/<\/span><span class=\"fontstyle0\">2019<\/span><span class=\"fontstyle0\">.\u00a0<\/span><span class=\"fontstyle0\">godine,\u00a0<\/span><span class=\"fontstyle0\">1<\/span><span class=\"fontstyle0\">.\u00a0<\/span><span class=\"fontstyle2\">listopada\u00a0<\/span><span class=\"fontstyle2\">2018<\/span><span class=\"fontstyle2\">.\u00a0<\/span><span class=\"fontstyle2\">godine\u00a0<\/span><span class=\"fontstyle0\">s po\u010detkom\u00a0<\/span><span class=\"fontstyle0\">u 11.00 sati\u00a0<\/span><span class=\"fontstyle0\">u\u00a0<\/span><span class=\"fontstyle0\">Hrvatskom\u00a0<\/span><span class=\"fontstyle0\">domu hercega\u00a0<\/span><span class=\"fontstyle0\">Stjepana Kosa\u010de<\/span><span class=\"fontstyle0\">.<\/span><\/p>\n","protected":false},"excerpt":{"rendered":"<p>Sukladno na\u0161em sveu\u010dili\u0161nom\u00a0kalendaru\u00a0i ove\u00a0godine\u00a0sve\u010dano \u0107emo\u00a0obilje\u017eiti\u00a0po\u010detak nove akademske 2018.\u00a0\/2019.\u00a0godine,\u00a01.\u00a0listopada\u00a02018.\u00a0godine\u00a0s po\u010detkom\u00a0u 11.00 sati\u00a0u\u00a0Hrvatskom\u00a0domu hercega\u00a0Stjepana Kosa\u010de.<\/p>\n","protected":false},"author":1,"featured_media":0,"comment_status":"closed","ping_status":"closed","sticky":false,"template":"","format":"standard","meta":{"footnotes":""},"categories":[1],"tags":[],"class_list":["post-793","post","type-post","status-publish","format-standard","hentry","category-objava"],"_links":{"self":[{"href":"https:\/\/mef.sum.ba\/dentalna\/wp-json\/wp\/v2\/posts\/793","targetHints":{"allow":["GET"]}}],"collection":[{"href":"https:\/\/mef.sum.ba\/dentalna\/wp-json\/wp\/v2\/posts"}],"about":[{"href":"https:\/\/mef.sum.ba\/dentalna\/wp-json\/wp\/v2\/types\/post"}],"author":[{"embeddable":true,"href":"https:\/\/mef.sum.ba\/dentalna\/wp-json\/wp\/v2\/users\/1"}],"replies":[{"embeddable":true,"href":"https:\/\/mef.sum.ba\/dentalna\/wp-json\/wp\/v2\/comments?post=793"}],"version-history":[{"count":1,"href":"https:\/\/mef.sum.ba\/dentalna\/wp-json\/wp\/v2\/posts\/793\/revisions"}],"predecessor-version":[{"id":794,"href":"https:\/\/mef.sum.ba\/dentalna\/wp-json\/wp\/v2\/posts\/793\/revisions\/794"}],"wp:attachment":[{"href":"https:\/\/mef.sum.ba\/dentalna\/wp-json\/wp\/v2\/media?parent=793"}],"wp:term":[{"taxonomy":"category","embeddable":true,"href":"https:\/\/mef.sum.ba\/dentalna\/wp-json\/wp\/v2\/categories?post=793"},{"taxonomy":"post_tag","embeddable":true,"href":"https:\/\/mef.sum.ba\/dentalna\/wp-json\/wp\/v2\/tags?post=793"}],"curies":[{"name":"wp","href":"https:\/\/api.w.org\/{rel}","templated":true}]}}