{"id":2545,"date":"2020-10-09T08:37:43","date_gmt":"2020-10-09T06:37:43","guid":{"rendered":"https:\/\/mef.sum.ba\/dentalna\/?p=2545"},"modified":"2020-10-09T10:00:09","modified_gmt":"2020-10-09T08:00:09","slug":"obavijest-o-izvanrednim-ispitnim-rokovima-2","status":"publish","type":"post","link":"https:\/\/mef.sum.ba\/dentalna\/obavijest-o-izvanrednim-ispitnim-rokovima-2\/","title":{"rendered":"Obavijest o izvanrednim ispitnim rokovima (Novo)"},"content":{"rendered":"<div>\n<div><span style=\"color: #000000;\">Izvanredni ispitni rokovi na Studiju dentalne medicine odr\u017eat \u0107e se sljede\u0107im redoslijedom:<\/span><\/div>\n<div><span style=\"color: #000000;\"><b>1. godina studija<\/b>:<\/span><\/div>\n<div><span style=\"color: #000000;\">&#8211; Kolegij\u00a0<i>Medicinska biokemija<\/i>: u \u010detvrtak,\u00a0<b>01.10.<\/b>2020. g. u 09:00 sati u Velikom amfiteatru<\/span><\/div>\n<div><span style=\"color: #000000;\">&#8211; Kolegij<i>\u00a0Anatomija<\/i>: u ponedjeljak,\u00a0<b>05.10.<\/b>2020. g. u 09:00 sati u predavaonici br. 1<\/span><\/div>\n<div><span style=\"color: #000000;\">&#8211; Kolegij\u00a0<i>Medicinska biologija s genetikom<\/i>: u utorak,<b>\u00a006.10.<\/b>\u00a0u 08:00 sati u predavaonici br. 1<\/span><\/div>\n<div><span class=\"im\"><span style=\"color: #000000;\">&#8211; Kolegij\u00a0<i>Medicinska kemija<\/i>: u petak,\u00a0<b>09.10.<\/b>2020. g. u\u00a0<b>11:00\u00a0<\/b>sati u predavaonici\u00a0<b>br. 2.<\/b><br clear=\"all\" \/><\/span><\/span><\/p>\n<div><\/div>\n<div><b>2. godina studija<\/b>:<\/div>\n<div><span style=\"color: #000000;\">&#8211; Kolegij\u00a0<i>Histologija i embriologija<\/i>: u srijedu,\u00a0<b>07.10.<\/b>2020. g. u\u00a0<b>10:00\u00a0<\/b>sati u predavaonici\u00a0<b>br. 1<\/b><\/span><\/div>\n<div><span style=\"color: #000000;\">&#8211; Kolegij\u00a0<i>Medicinska fiziologija<\/i>: u \u010detvrtak,\u00a0<b>08.10.<\/b>2020. g. u 11:00 sati u predavaonici br. 2.<\/span><\/div>\n<div><span style=\"color: #000000;\">&#8211; Kolegij\u00a0<i>Medicinska mikrobiologija<\/i>: u petak,\u00a0<b>09.10.<\/b>2020. g. u 10:30 sati u uredu prodekana.<\/span><\/div>\n<div><span style=\"color: #000000;\">&#8211; Kolegij\u00a0<i>Farmakologija<\/i>: u petak,\u00a0<b>09.10.<\/b>2020. g. u 07:30 sati u predavaonici br. 3.<\/span><\/div>\n<div><\/div>\n<div><b>3. godina studija:<\/b><\/div>\n<div>&#8211; Kolegij\u00a0<i>Interna medicina<\/i>: u petak,\u00a0<b>09.10.<\/b>2020. g. u 09:00 sati u predavaonici br. 3.<\/div>\n<\/div>\n<\/div>\n","protected":false},"excerpt":{"rendered":"<p>Izvanredni ispitni rokovi na Studiju dentalne medicine odr\u017eat \u0107e se sljede\u0107im redoslijedom: 1. godina studija: &#8211; Kolegij\u00a0Medicinska biokemija: u \u010detvrtak,\u00a001.10.2020. g. u 09:00 sati u&hellip;<\/p>\n","protected":false},"author":1,"featured_media":1961,"comment_status":"closed","ping_status":"closed","sticky":false,"template":"","format":"standard","meta":{"footnotes":""},"categories":[1],"tags":[],"class_list":["post-2545","post","type-post","status-publish","format-standard","has-post-thumbnail","hentry","category-objava"],"_links":{"self":[{"href":"https:\/\/mef.sum.ba\/dentalna\/wp-json\/wp\/v2\/posts\/2545","targetHints":{"allow":["GET"]}}],"collection":[{"href":"https:\/\/mef.sum.ba\/dentalna\/wp-json\/wp\/v2\/posts"}],"about":[{"href":"https:\/\/mef.sum.ba\/dentalna\/wp-json\/wp\/v2\/types\/post"}],"author":[{"embeddable":true,"href":"https:\/\/mef.sum.ba\/dentalna\/wp-json\/wp\/v2\/users\/1"}],"replies":[{"embeddable":true,"href":"https:\/\/mef.sum.ba\/dentalna\/wp-json\/wp\/v2\/comments?post=2545"}],"version-history":[{"count":3,"href":"https:\/\/mef.sum.ba\/dentalna\/wp-json\/wp\/v2\/posts\/2545\/revisions"}],"predecessor-version":[{"id":2550,"href":"https:\/\/mef.sum.ba\/dentalna\/wp-json\/wp\/v2\/posts\/2545\/revisions\/2550"}],"wp:featuredmedia":[{"embeddable":true,"href":"https:\/\/mef.sum.ba\/dentalna\/wp-json\/wp\/v2\/media\/1961"}],"wp:attachment":[{"href":"https:\/\/mef.sum.ba\/dentalna\/wp-json\/wp\/v2\/media?parent=2545"}],"wp:term":[{"taxonomy":"category","embeddable":true,"href":"https:\/\/mef.sum.ba\/dentalna\/wp-json\/wp\/v2\/categories?post=2545"},{"taxonomy":"post_tag","embeddable":true,"href":"https:\/\/mef.sum.ba\/dentalna\/wp-json\/wp\/v2\/tags?post=2545"}],"curies":[{"name":"wp","href":"https:\/\/api.w.org\/{rel}","templated":true}]}}