{"id":2110,"date":"2020-03-25T16:06:26","date_gmt":"2020-03-25T15:06:26","guid":{"rendered":"http:\/\/mef.sum.ba\/dentalna\/?p=2110"},"modified":"2020-03-25T16:06:26","modified_gmt":"2020-03-25T15:06:26","slug":"obavijest-i-godina-studija-dentalne-medicine-mip1-i-mip2-e-ucenje","status":"publish","type":"post","link":"https:\/\/mef.sum.ba\/dentalna\/obavijest-i-godina-studija-dentalne-medicine-mip1-i-mip2-e-ucenje\/","title":{"rendered":"Obavijest &#8211; I. godina Studija dentalne medicine &#8211; MIP1 i MIP2, e-u\u010denje"},"content":{"rendered":"<div>On-line nastava iz kolegija\u00a0<b>MIP1<\/b>:\u00a0<i>Razvoj i anomalije<\/i>\u00a0<i>glave i vrata,<\/i>\u00a0(kod voditeljice kolegija, prof. dr. sc. Katarine Vukojevi\u0107), umjesto kolegija Dentalna morfologija i antropologija, po\u010det \u0107e preko sustava e-u\u010denje u utorak, 31.03.2020.\u00a0i trajati do 02.04.2020. godine.<\/div>\n<div><\/div>\n<div>On-line nastava iz\u00a0<b>MIP2<\/b>:\u00a0<i>Geni i bol &#8211; budu\u0107nost lije\u010denja po mjeri,<\/i>\u00a0(kod voditeljice kolegija, doc. dr. sc. Sandre Kosti\u0107) preko sustava e-u\u010denje po\u010dinje 03.04.2020. i traje do 07.04.2020. godine.<\/div>\n","protected":false},"excerpt":{"rendered":"<p>On-line nastava iz kolegija\u00a0MIP1:\u00a0Razvoj i anomalije\u00a0glave i vrata,\u00a0(kod voditeljice kolegija, prof. dr. sc. Katarine Vukojevi\u0107), umjesto kolegija Dentalna morfologija i antropologija, po\u010det \u0107e preko sustava&hellip;<\/p>\n","protected":false},"author":1,"featured_media":0,"comment_status":"closed","ping_status":"closed","sticky":false,"template":"","format":"standard","meta":{"footnotes":""},"categories":[1],"tags":[],"class_list":["post-2110","post","type-post","status-publish","format-standard","hentry","category-objava"],"_links":{"self":[{"href":"https:\/\/mef.sum.ba\/dentalna\/wp-json\/wp\/v2\/posts\/2110","targetHints":{"allow":["GET"]}}],"collection":[{"href":"https:\/\/mef.sum.ba\/dentalna\/wp-json\/wp\/v2\/posts"}],"about":[{"href":"https:\/\/mef.sum.ba\/dentalna\/wp-json\/wp\/v2\/types\/post"}],"author":[{"embeddable":true,"href":"https:\/\/mef.sum.ba\/dentalna\/wp-json\/wp\/v2\/users\/1"}],"replies":[{"embeddable":true,"href":"https:\/\/mef.sum.ba\/dentalna\/wp-json\/wp\/v2\/comments?post=2110"}],"version-history":[{"count":1,"href":"https:\/\/mef.sum.ba\/dentalna\/wp-json\/wp\/v2\/posts\/2110\/revisions"}],"predecessor-version":[{"id":2111,"href":"https:\/\/mef.sum.ba\/dentalna\/wp-json\/wp\/v2\/posts\/2110\/revisions\/2111"}],"wp:attachment":[{"href":"https:\/\/mef.sum.ba\/dentalna\/wp-json\/wp\/v2\/media?parent=2110"}],"wp:term":[{"taxonomy":"category","embeddable":true,"href":"https:\/\/mef.sum.ba\/dentalna\/wp-json\/wp\/v2\/categories?post=2110"},{"taxonomy":"post_tag","embeddable":true,"href":"https:\/\/mef.sum.ba\/dentalna\/wp-json\/wp\/v2\/tags?post=2110"}],"curies":[{"name":"wp","href":"https:\/\/api.w.org\/{rel}","templated":true}]}}